{"id":168,"date":"2025-08-04T17:03:09","date_gmt":"2025-08-04T17:03:09","guid":{"rendered":"https:\/\/institutocholollan.com\/?p=168"},"modified":"2025-08-04T17:04:19","modified_gmt":"2025-08-04T17:04:19","slug":"graduacion-instituto-cholollan-2025","status":"publish","type":"post","link":"https:\/\/institutocholollan.com\/index.php\/2025\/08\/04\/graduacion-instituto-cholollan-2025\/","title":{"rendered":"Graduaci\u00f3n Instituto Cholollan 2025"},"content":{"rendered":"\n<hr class=\"wp-block-separator has-alpha-channel-opacity\"\/>\n\n\n\n<h2 class=\"wp-block-heading\">\ud83c\udf93 De las Aulas al \u00c9xito: El Viaje de Nuestros Alumnos y su Fiesta de Graduaci\u00f3n<\/h2>\n\n\n\n<p>En el Instituto Cholollan, cada historia de graduaci\u00f3n es el reflejo de un camino lleno de esfuerzo, crecimiento y superaci\u00f3n. No se trata solo de cerrar un ciclo acad\u00e9mico, sino de <strong>abrir las puertas al futuro<\/strong>, a los sue\u00f1os universitarios y a una vida de logros personales y profesionales.<\/p>\n\n\n\n<h3 class=\"wp-block-heading\">\ud83c\udf31 El Proceso de Aprendizaje: M\u00e1s All\u00e1 del Aula<\/h3>\n\n\n\n<p>Durante su paso por el bachillerato, nuestros alumnos enfrentan desaf\u00edos que van desde ecuaciones complejas hasta decisiones sobre su vocaci\u00f3n. Pero nunca caminan solos. Desde el primer d\u00eda, los acompa\u00f1amos con:<\/p>\n\n\n\n<ul class=\"wp-block-list\">\n<li><strong>Un enfoque acad\u00e9mico integral<\/strong>: asignaturas s\u00f3lidas en matem\u00e1ticas, ciencias, ingl\u00e9s y habilidades digitales.<\/li>\n\n\n\n<li><strong>Talleres pr\u00e1cticos<\/strong>:  asesor\u00edas de CONAMAT para preparar el ingreso a universidades como BUAP, UNAM o UDLAP.<\/li>\n\n\n\n<li><strong>Acompa\u00f1amiento emocional y vocacional<\/strong>: porque entendemos que cada alumno es \u00fanico y tiene su propio ritmo, sus dudas y sus talentos.<\/li>\n<\/ul>\n\n\n\n<p>Aqu\u00ed en Cholollan, no ense\u00f1amos solo para aprobar ex\u00e1menes. Ense\u00f1amos para que nuestros estudiantes aprendan a resolver problemas reales, a expresarse con seguridad y a tomar decisiones responsables.<\/p>\n\n\n\n<h3 class=\"wp-block-heading\">\ud83d\ude80 Un Logro que se Celebra: La Graduaci\u00f3n<\/h3>\n\n\n\n<p>Despu\u00e9s de tantos d\u00edas de estudio, proyectos, pr\u00e1cticas, ex\u00e1menes y amistades forjadas, llega el gran d\u00eda: <strong>la ceremonia de graduaci\u00f3n<\/strong>.<\/p>\n\n\n\n<p>Este a\u00f1o, la generaci\u00f3n 2025 vivi\u00f3 una jornada inolvidable. Nuestros alumnos entre aplausos de sus familias y maestros,hubo abrazos, l\u00e1grimas de alegr\u00eda y discursos que tocaron el coraz\u00f3n.<\/p>\n\n\n\n<p><\/p>\n\n\n\n<h3 class=\"wp-block-heading\">\ud83c\udf89 La Fiesta: Un Cierre con Estilo y Mucha Emoci\u00f3n<\/h3>\n\n\n\n<p>La celebraci\u00f3n no termin\u00f3 en el escenario. Por la noche, nuestros graduados disfrutaron de una fiesta organizada con cari\u00f1o y profesionalismo: cena formal, m\u00fasica , pista de baile, sesi\u00f3n de fotos con sus familias y momentos especiales entre compa\u00f1eros. Fue m\u00e1s que una fiesta: fue <strong>la despedida de una etapa que los marc\u00f3 para siempre<\/strong>.<\/p>\n\n\n\n<p>Ver a nuestros alumnos celebrar con orgullo y alegr\u00eda es el mejor recordatorio de por qu\u00e9 hacemos lo que hacemos. Porque no se trata solo de formar estudiantes, sino de <strong>formar personas valientes, seguras y listas para transformar su mundo.<\/strong><\/p>\n\n\n\n<hr class=\"wp-block-separator has-alpha-channel-opacity\"\/>\n\n\n\n<figure class=\"wp-block-video\"><video controls src=\"https:\/\/institutocholollan.com\/wp-content\/uploads\/2025\/08\/AQNNM0Yq6aE4A8LYVz1HBsvgmGMouiFHfdcOivE4Zz1jnA-2s7Eiw6Hp9KiqW25bck-8PHT7zJRWebJUv9_GjuYnccI0-GsG7oWm0fD4nti3KwjV1w.mp4\"><\/video><figcaption class=\"wp-element-caption\">graduados 2025<\/figcaption><\/figure>\n\n\n\n<h3 class=\"wp-block-heading\"><\/h3>\n\n\n\n<hr class=\"wp-block-separator has-alpha-channel-opacity\"\/>\n\n\n\n<h3 class=\"wp-block-heading\">\ud83c\udfaf \u00bfTe gustar\u00eda que tu hijo o hija sea parte de esta experiencia?<\/h3>\n\n\n\n<p>En Cholollan, creemos en el poder de la educaci\u00f3n que transforma vidas. Nuestro pr\u00f3ximo ciclo ya est\u00e1 en proceso de inscripci\u00f3n. \u00a1Agenda una visita o solicita informaci\u00f3n por WhatsApp!<\/p>\n\n\n\n<p>\ud83d\udc49  \ud83d\udcde [2221529059]<\/p>\n\n\n\n<hr class=\"wp-block-separator has-alpha-channel-opacity\"\/>\n\n\n\n<p><\/p>\n","protected":false},"excerpt":{"rendered":"<p>\ud83c\udf93 De las Aulas al \u00c9xito: El Viaje de Nuestros Alumnos y su Fiesta de Graduaci\u00f3n En el Instituto Cholollan, cada historia de graduaci\u00f3n es el reflejo de un camino lleno de esfuerzo, crecimiento y superaci\u00f3n. No se trata solo de cerrar un ciclo acad\u00e9mico, sino de abrir las puertas al futuro, a los sue\u00f1os [&hellip;]<\/p>\n","protected":false},"author":1,"featured_media":0,"comment_status":"open","ping_status":"open","sticky":false,"template":"","format":"standard","meta":{"footnotes":""},"categories":[1],"tags":[],"class_list":["post-168","post","type-post","status-publish","format-standard","hentry","category-uncategorized"],"yoast_head":"<!-- This site is optimized with the Yoast SEO plugin v27.5 - https:\/\/yoast.com\/product\/yoast-seo-wordpress\/ -->\n<title>Graduaci\u00f3n Instituto Cholollan 2025 - Instituto Cholollan<\/title>\n<meta name=\"robots\" content=\"index, follow, max-snippet:-1, max-image-preview:large, max-video-preview:-1\" \/>\n<link rel=\"canonical\" href=\"https:\/\/institutocholollan.com\/index.php\/2025\/08\/04\/graduacion-instituto-cholollan-2025\/\" \/>\n<meta property=\"og:locale\" content=\"es_ES\" \/>\n<meta property=\"og:type\" content=\"article\" \/>\n<meta property=\"og:title\" content=\"Graduaci\u00f3n Instituto Cholollan 2025 - Instituto Cholollan\" \/>\n<meta property=\"og:description\" content=\"\ud83c\udf93 De las Aulas al \u00c9xito: El Viaje de Nuestros Alumnos y su Fiesta de Graduaci\u00f3n En el Instituto Cholollan, cada historia de graduaci\u00f3n es el reflejo de un camino lleno de esfuerzo, crecimiento y superaci\u00f3n. No se trata solo de cerrar un ciclo acad\u00e9mico, sino de abrir las puertas al futuro, a los sue\u00f1os [&hellip;]\" \/>\n<meta property=\"og:url\" content=\"https:\/\/institutocholollan.com\/index.php\/2025\/08\/04\/graduacion-instituto-cholollan-2025\/\" \/>\n<meta property=\"og:site_name\" content=\"Instituto Cholollan\" \/>\n<meta property=\"article:publisher\" content=\"https:\/\/www.facebook.com\/ichsanpedrocholula\" \/>\n<meta property=\"article:published_time\" content=\"2025-08-04T17:03:09+00:00\" \/>\n<meta property=\"article:modified_time\" content=\"2025-08-04T17:04:19+00:00\" \/>\n<meta property=\"og:image\" content=\"https:\/\/institutocholollan.com\/wp-content\/uploads\/2024\/07\/cropped-cholollan-1.jpg\" \/>\n\t<meta property=\"og:image:width\" content=\"512\" \/>\n\t<meta property=\"og:image:height\" content=\"512\" \/>\n\t<meta property=\"og:image:type\" content=\"image\/jpeg\" \/>\n<meta name=\"author\" content=\"admin\" \/>\n<meta name=\"twitter:card\" content=\"summary_large_image\" \/>\n<meta name=\"twitter:creator\" content=\"@ich_icholollan\" \/>\n<meta name=\"twitter:site\" content=\"@ich_icholollan\" \/>\n<meta name=\"twitter:label1\" content=\"Escrito por\" \/>\n\t<meta name=\"twitter:data1\" content=\"admin\" \/>\n\t<meta name=\"twitter:label2\" content=\"Tiempo de lectura\" \/>\n\t<meta name=\"twitter:data2\" content=\"2 minutos\" \/>\n<script type=\"application\/ld+json\" class=\"yoast-schema-graph\">{\"@context\":\"https:\\\/\\\/schema.org\",\"@graph\":[{\"@type\":\"Article\",\"@id\":\"https:\\\/\\\/institutocholollan.com\\\/index.php\\\/2025\\\/08\\\/04\\\/graduacion-instituto-cholollan-2025\\\/#article\",\"isPartOf\":{\"@id\":\"https:\\\/\\\/institutocholollan.com\\\/index.php\\\/2025\\\/08\\\/04\\\/graduacion-instituto-cholollan-2025\\\/\"},\"author\":{\"name\":\"admin\",\"@id\":\"https:\\\/\\\/institutocholollan.com\\\/#\\\/schema\\\/person\\\/11e6522c5e6f47a45f4d4896718b5392\"},\"headline\":\"Graduaci\u00f3n Instituto Cholollan 2025\",\"datePublished\":\"2025-08-04T17:03:09+00:00\",\"dateModified\":\"2025-08-04T17:04:19+00:00\",\"mainEntityOfPage\":{\"@id\":\"https:\\\/\\\/institutocholollan.com\\\/index.php\\\/2025\\\/08\\\/04\\\/graduacion-instituto-cholollan-2025\\\/\"},\"wordCount\":430,\"commentCount\":0,\"publisher\":{\"@id\":\"https:\\\/\\\/institutocholollan.com\\\/#organization\"},\"articleSection\":[\"Uncategorized\"],\"inLanguage\":\"es\",\"potentialAction\":[{\"@type\":\"CommentAction\",\"name\":\"Comment\",\"target\":[\"https:\\\/\\\/institutocholollan.com\\\/index.php\\\/2025\\\/08\\\/04\\\/graduacion-instituto-cholollan-2025\\\/#respond\"]}]},{\"@type\":\"WebPage\",\"@id\":\"https:\\\/\\\/institutocholollan.com\\\/index.php\\\/2025\\\/08\\\/04\\\/graduacion-instituto-cholollan-2025\\\/\",\"url\":\"https:\\\/\\\/institutocholollan.com\\\/index.php\\\/2025\\\/08\\\/04\\\/graduacion-instituto-cholollan-2025\\\/\",\"name\":\"Graduaci\u00f3n Instituto Cholollan 2025 - Instituto Cholollan\",\"isPartOf\":{\"@id\":\"https:\\\/\\\/institutocholollan.com\\\/#website\"},\"datePublished\":\"2025-08-04T17:03:09+00:00\",\"dateModified\":\"2025-08-04T17:04:19+00:00\",\"breadcrumb\":{\"@id\":\"https:\\\/\\\/institutocholollan.com\\\/index.php\\\/2025\\\/08\\\/04\\\/graduacion-instituto-cholollan-2025\\\/#breadcrumb\"},\"inLanguage\":\"es\",\"potentialAction\":[{\"@type\":\"ReadAction\",\"target\":[\"https:\\\/\\\/institutocholollan.com\\\/index.php\\\/2025\\\/08\\\/04\\\/graduacion-instituto-cholollan-2025\\\/\"]}]},{\"@type\":\"BreadcrumbList\",\"@id\":\"https:\\\/\\\/institutocholollan.com\\\/index.php\\\/2025\\\/08\\\/04\\\/graduacion-instituto-cholollan-2025\\\/#breadcrumb\",\"itemListElement\":[{\"@type\":\"ListItem\",\"position\":1,\"name\":\"Portada\",\"item\":\"https:\\\/\\\/institutocholollan.com\\\/\"},{\"@type\":\"ListItem\",\"position\":2,\"name\":\"Graduaci\u00f3n Instituto Cholollan 2025\"}]},{\"@type\":\"WebSite\",\"@id\":\"https:\\\/\\\/institutocholollan.com\\\/#website\",\"url\":\"https:\\\/\\\/institutocholollan.com\\\/\",\"name\":\"Instituto Cholollan\",\"description\":\"Bachillerato General en San Pedro Cholula, prepa SEP\",\"publisher\":{\"@id\":\"https:\\\/\\\/institutocholollan.com\\\/#organization\"},\"alternateName\":\"Instituto Cholollan prepa SEP\",\"potentialAction\":[{\"@type\":\"SearchAction\",\"target\":{\"@type\":\"EntryPoint\",\"urlTemplate\":\"https:\\\/\\\/institutocholollan.com\\\/?s={search_term_string}\"},\"query-input\":{\"@type\":\"PropertyValueSpecification\",\"valueRequired\":true,\"valueName\":\"search_term_string\"}}],\"inLanguage\":\"es\"},{\"@type\":\"Organization\",\"@id\":\"https:\\\/\\\/institutocholollan.com\\\/#organization\",\"name\":\"Instituto Cholollan\",\"url\":\"https:\\\/\\\/institutocholollan.com\\\/\",\"logo\":{\"@type\":\"ImageObject\",\"inLanguage\":\"es\",\"@id\":\"https:\\\/\\\/institutocholollan.com\\\/#\\\/schema\\\/logo\\\/image\\\/\",\"url\":\"https:\\\/\\\/institutocholollan.com\\\/wp-content\\\/uploads\\\/2024\\\/07\\\/cropped-cholollan-1.jpg\",\"contentUrl\":\"https:\\\/\\\/institutocholollan.com\\\/wp-content\\\/uploads\\\/2024\\\/07\\\/cropped-cholollan-1.jpg\",\"width\":512,\"height\":512,\"caption\":\"Instituto Cholollan\"},\"image\":{\"@id\":\"https:\\\/\\\/institutocholollan.com\\\/#\\\/schema\\\/logo\\\/image\\\/\"},\"sameAs\":[\"https:\\\/\\\/www.facebook.com\\\/ichsanpedrocholula\",\"https:\\\/\\\/x.com\\\/ich_icholollan\"]},{\"@type\":\"Person\",\"@id\":\"https:\\\/\\\/institutocholollan.com\\\/#\\\/schema\\\/person\\\/11e6522c5e6f47a45f4d4896718b5392\",\"name\":\"admin\",\"image\":{\"@type\":\"ImageObject\",\"inLanguage\":\"es\",\"@id\":\"https:\\\/\\\/secure.gravatar.com\\\/avatar\\\/0f13d1e95893d4597fd78b6fe85f9128b6434d1572ba880e7cf53f9b64804301?s=96&d=mm&r=g\",\"url\":\"https:\\\/\\\/secure.gravatar.com\\\/avatar\\\/0f13d1e95893d4597fd78b6fe85f9128b6434d1572ba880e7cf53f9b64804301?s=96&d=mm&r=g\",\"contentUrl\":\"https:\\\/\\\/secure.gravatar.com\\\/avatar\\\/0f13d1e95893d4597fd78b6fe85f9128b6434d1572ba880e7cf53f9b64804301?s=96&d=mm&r=g\",\"caption\":\"admin\"},\"sameAs\":[\"https:\\\/\\\/institutocholollan.com\"],\"url\":\"https:\\\/\\\/institutocholollan.com\\\/index.php\\\/author\\\/institutochololl\\\/\"}]}<\/script>\n<!-- \/ Yoast SEO plugin. -->","yoast_head_json":{"title":"Graduaci\u00f3n Instituto Cholollan 2025 - Instituto Cholollan","robots":{"index":"index","follow":"follow","max-snippet":"max-snippet:-1","max-image-preview":"max-image-preview:large","max-video-preview":"max-video-preview:-1"},"canonical":"https:\/\/institutocholollan.com\/index.php\/2025\/08\/04\/graduacion-instituto-cholollan-2025\/","og_locale":"es_ES","og_type":"article","og_title":"Graduaci\u00f3n Instituto Cholollan 2025 - Instituto Cholollan","og_description":"\ud83c\udf93 De las Aulas al \u00c9xito: El Viaje de Nuestros Alumnos y su Fiesta de Graduaci\u00f3n En el Instituto Cholollan, cada historia de graduaci\u00f3n es el reflejo de un camino lleno de esfuerzo, crecimiento y superaci\u00f3n. No se trata solo de cerrar un ciclo acad\u00e9mico, sino de abrir las puertas al futuro, a los sue\u00f1os [&hellip;]","og_url":"https:\/\/institutocholollan.com\/index.php\/2025\/08\/04\/graduacion-instituto-cholollan-2025\/","og_site_name":"Instituto Cholollan","article_publisher":"https:\/\/www.facebook.com\/ichsanpedrocholula","article_published_time":"2025-08-04T17:03:09+00:00","article_modified_time":"2025-08-04T17:04:19+00:00","og_image":[{"width":512,"height":512,"url":"https:\/\/institutocholollan.com\/wp-content\/uploads\/2024\/07\/cropped-cholollan-1.jpg","type":"image\/jpeg"}],"author":"admin","twitter_card":"summary_large_image","twitter_creator":"@ich_icholollan","twitter_site":"@ich_icholollan","twitter_misc":{"Escrito por":"admin","Tiempo de lectura":"2 minutos"},"schema":{"@context":"https:\/\/schema.org","@graph":[{"@type":"Article","@id":"https:\/\/institutocholollan.com\/index.php\/2025\/08\/04\/graduacion-instituto-cholollan-2025\/#article","isPartOf":{"@id":"https:\/\/institutocholollan.com\/index.php\/2025\/08\/04\/graduacion-instituto-cholollan-2025\/"},"author":{"name":"admin","@id":"https:\/\/institutocholollan.com\/#\/schema\/person\/11e6522c5e6f47a45f4d4896718b5392"},"headline":"Graduaci\u00f3n Instituto Cholollan 2025","datePublished":"2025-08-04T17:03:09+00:00","dateModified":"2025-08-04T17:04:19+00:00","mainEntityOfPage":{"@id":"https:\/\/institutocholollan.com\/index.php\/2025\/08\/04\/graduacion-instituto-cholollan-2025\/"},"wordCount":430,"commentCount":0,"publisher":{"@id":"https:\/\/institutocholollan.com\/#organization"},"articleSection":["Uncategorized"],"inLanguage":"es","potentialAction":[{"@type":"CommentAction","name":"Comment","target":["https:\/\/institutocholollan.com\/index.php\/2025\/08\/04\/graduacion-instituto-cholollan-2025\/#respond"]}]},{"@type":"WebPage","@id":"https:\/\/institutocholollan.com\/index.php\/2025\/08\/04\/graduacion-instituto-cholollan-2025\/","url":"https:\/\/institutocholollan.com\/index.php\/2025\/08\/04\/graduacion-instituto-cholollan-2025\/","name":"Graduaci\u00f3n Instituto Cholollan 2025 - Instituto Cholollan","isPartOf":{"@id":"https:\/\/institutocholollan.com\/#website"},"datePublished":"2025-08-04T17:03:09+00:00","dateModified":"2025-08-04T17:04:19+00:00","breadcrumb":{"@id":"https:\/\/institutocholollan.com\/index.php\/2025\/08\/04\/graduacion-instituto-cholollan-2025\/#breadcrumb"},"inLanguage":"es","potentialAction":[{"@type":"ReadAction","target":["https:\/\/institutocholollan.com\/index.php\/2025\/08\/04\/graduacion-instituto-cholollan-2025\/"]}]},{"@type":"BreadcrumbList","@id":"https:\/\/institutocholollan.com\/index.php\/2025\/08\/04\/graduacion-instituto-cholollan-2025\/#breadcrumb","itemListElement":[{"@type":"ListItem","position":1,"name":"Portada","item":"https:\/\/institutocholollan.com\/"},{"@type":"ListItem","position":2,"name":"Graduaci\u00f3n Instituto Cholollan 2025"}]},{"@type":"WebSite","@id":"https:\/\/institutocholollan.com\/#website","url":"https:\/\/institutocholollan.com\/","name":"Instituto Cholollan","description":"Bachillerato General en San Pedro Cholula, prepa SEP","publisher":{"@id":"https:\/\/institutocholollan.com\/#organization"},"alternateName":"Instituto Cholollan prepa SEP","potentialAction":[{"@type":"SearchAction","target":{"@type":"EntryPoint","urlTemplate":"https:\/\/institutocholollan.com\/?s={search_term_string}"},"query-input":{"@type":"PropertyValueSpecification","valueRequired":true,"valueName":"search_term_string"}}],"inLanguage":"es"},{"@type":"Organization","@id":"https:\/\/institutocholollan.com\/#organization","name":"Instituto Cholollan","url":"https:\/\/institutocholollan.com\/","logo":{"@type":"ImageObject","inLanguage":"es","@id":"https:\/\/institutocholollan.com\/#\/schema\/logo\/image\/","url":"https:\/\/institutocholollan.com\/wp-content\/uploads\/2024\/07\/cropped-cholollan-1.jpg","contentUrl":"https:\/\/institutocholollan.com\/wp-content\/uploads\/2024\/07\/cropped-cholollan-1.jpg","width":512,"height":512,"caption":"Instituto Cholollan"},"image":{"@id":"https:\/\/institutocholollan.com\/#\/schema\/logo\/image\/"},"sameAs":["https:\/\/www.facebook.com\/ichsanpedrocholula","https:\/\/x.com\/ich_icholollan"]},{"@type":"Person","@id":"https:\/\/institutocholollan.com\/#\/schema\/person\/11e6522c5e6f47a45f4d4896718b5392","name":"admin","image":{"@type":"ImageObject","inLanguage":"es","@id":"https:\/\/secure.gravatar.com\/avatar\/0f13d1e95893d4597fd78b6fe85f9128b6434d1572ba880e7cf53f9b64804301?s=96&d=mm&r=g","url":"https:\/\/secure.gravatar.com\/avatar\/0f13d1e95893d4597fd78b6fe85f9128b6434d1572ba880e7cf53f9b64804301?s=96&d=mm&r=g","contentUrl":"https:\/\/secure.gravatar.com\/avatar\/0f13d1e95893d4597fd78b6fe85f9128b6434d1572ba880e7cf53f9b64804301?s=96&d=mm&r=g","caption":"admin"},"sameAs":["https:\/\/institutocholollan.com"],"url":"https:\/\/institutocholollan.com\/index.php\/author\/institutochololl\/"}]}},"_links":{"self":[{"href":"https:\/\/institutocholollan.com\/index.php\/wp-json\/wp\/v2\/posts\/168","targetHints":{"allow":["GET"]}}],"collection":[{"href":"https:\/\/institutocholollan.com\/index.php\/wp-json\/wp\/v2\/posts"}],"about":[{"href":"https:\/\/institutocholollan.com\/index.php\/wp-json\/wp\/v2\/types\/post"}],"author":[{"embeddable":true,"href":"https:\/\/institutocholollan.com\/index.php\/wp-json\/wp\/v2\/users\/1"}],"replies":[{"embeddable":true,"href":"https:\/\/institutocholollan.com\/index.php\/wp-json\/wp\/v2\/comments?post=168"}],"version-history":[{"count":1,"href":"https:\/\/institutocholollan.com\/index.php\/wp-json\/wp\/v2\/posts\/168\/revisions"}],"predecessor-version":[{"id":170,"href":"https:\/\/institutocholollan.com\/index.php\/wp-json\/wp\/v2\/posts\/168\/revisions\/170"}],"wp:attachment":[{"href":"https:\/\/institutocholollan.com\/index.php\/wp-json\/wp\/v2\/media?parent=168"}],"wp:term":[{"taxonomy":"category","embeddable":true,"href":"https:\/\/institutocholollan.com\/index.php\/wp-json\/wp\/v2\/categories?post=168"},{"taxonomy":"post_tag","embeddable":true,"href":"https:\/\/institutocholollan.com\/index.php\/wp-json\/wp\/v2\/tags?post=168"}],"curies":[{"name":"wp","href":"https:\/\/api.w.org\/{rel}","templated":true}]}}